{"id":14696,"date":"2020-01-24T15:26:00","date_gmt":"2020-01-24T20:26:00","guid":{"rendered":"https:\/\/harlequinfloor.wpengine.com\/?p=14696"},"modified":"2020-02-24T15:29:08","modified_gmt":"2020-02-24T20:29:08","slug":"shawn-mendes-revient-en-force-sur-un-plancher-harlequin-hi-shine","status":"publish","type":"post","link":"https:\/\/us.harlequinfloors.com\/fr\/shawn-mendes-revient-en-force-sur-un-plancher-harlequin-hi-shine\/","title":{"rendered":"SHAWN MENDES REVIENT EN FORCE SUR UN PLANCHER HARLEQUIN HI-SHINE"},"content":{"rendered":"\n<p>Au d\u00e9but de cette ann\u00e9e, le\nchanteur et compositeur canadien Shawn Mendes a fait un retour tr\u00e8s attendu en\nEurope, pour neuf mois de tourn\u00e9e.<\/p>\n\n\n\n<p>Harlequin a contribu\u00e9 \u00e0 la\nconception sc\u00e9nique du spectacle, en collaboration avec Litestructures Projects\nUK et Brilliant Stages, deux entreprises de la communaut\u00e9 qui r\u00e9side dans les\ntr\u00e8s impressionnantes installations du Production Park, dans le West Yorkshire.\nLe vaste plateau comprend une sc\u00e8ne circulaire et, de part et d\u2019autre, des\nescaliers menant \u00e0 deux ailes de neuf m\u00e8tres de longueur.<\/p>\n\n\n\n<p>Harlequin a fourni un tapis\nHi-Shine noir lustr\u00e9, de type Marley, pour couvrir toute la sc\u00e8ne. Gr\u00e2ce \u00e0 sa\nsurface en PET r\u00e9sistante aux rayures et tr\u00e8s durable, le tapis Harlequin\nHi-Shine est id\u00e9al pour une utilisation quotidienne dans le cadre d\u2019une tourn\u00e9e\nmondiale. Il \u00e9tait coll\u00e9 aux plateformes de sc\u00e8ne de Brilliant Stages qui\nformaient la sc\u00e8ne principale.<\/p>\n\n\n\n<p><a href=\"https:\/\/us.harlequinfloors.com\/fr\/floors\/harlequin-hi-shine\/\"><strong>Harlequin Hi-Shine<\/strong><\/a> est\noffert dans toute une gamme de couleurs, y compris or et argent m\u00e9talliques.<\/p>\n\n\n\n<p><\/p>\n","protected":false},"excerpt":{"rendered":"<p>Au d\u00e9but de cette ann\u00e9e, le chanteur et compositeur canadien Shawn Mendes a fait un retour tr\u00e8s attendu en Europe, pour neuf mois de tourn\u00e9e.<\/p>\n<p><a class=\"btn btn-primary btn-an harlequin-read-more-link\" href=\"https:\/\/us.harlequinfloors.com\/fr\/shawn-mendes-revient-en-force-sur-un-plancher-harlequin-hi-shine\/\">En savoir plus<\/a><\/p>\n","protected":false},"author":1,"featured_media":13961,"comment_status":"closed","ping_status":"closed","sticky":false,"template":"","format":"standard","meta":{"_acf_changed":false,"_monsterinsights_skip_tracking":false,"_monsterinsights_sitenote_active":false,"_monsterinsights_sitenote_note":"","_monsterinsights_sitenote_category":0,"footnotes":"","_links_to":"","_links_to_target":""},"categories":[141],"tags":[],"class_list":["post-14696","post","type-post","status-publish","format-standard","has-post-thumbnail","hentry","category-blog-fr"],"acf":[],"yoast_head":"<!-- This site is optimized with the Yoast SEO Premium plugin v26.1 (Yoast SEO v27.4) - https:\/\/yoast.com\/product\/yoast-seo-premium-wordpress\/ -->\n<title>SHAWN MENDES REVIENT EN FORCE SUR UN PLANCHER HARLEQUIN HI-SHINE | Harlequin Floors<\/title>\n<meta name=\"robots\" content=\"index, follow, max-snippet:-1, max-image-preview:large, max-video-preview:-1\" \/>\n<link rel=\"canonical\" href=\"https:\/\/us.harlequinfloors.com\/fr\/shawn-mendes-revient-en-force-sur-un-plancher-harlequin-hi-shine\/\" \/>\n<meta property=\"og:locale\" content=\"fr_FR\" \/>\n<meta property=\"og:type\" content=\"article\" \/>\n<meta property=\"og:title\" content=\"SHAWN MENDES REVIENT EN FORCE SUR UN PLANCHER HARLEQUIN HI-SHINE\" \/>\n<meta property=\"og:description\" content=\"Au d\u00e9but de cette ann\u00e9e, le chanteur et compositeur canadien Shawn Mendes a fait un retour tr\u00e8s attendu en Europe, pour neuf mois de tourn\u00e9e.En savoir plus\" \/>\n<meta property=\"og:url\" content=\"https:\/\/us.harlequinfloors.com\/fr\/shawn-mendes-revient-en-force-sur-un-plancher-harlequin-hi-shine\/\" \/>\n<meta property=\"og:site_name\" content=\"Harlequin Floors\" \/>\n<meta property=\"article:publisher\" content=\"https:\/\/www.facebook.com\/americanharlequinfloors\" \/>\n<meta property=\"article:published_time\" content=\"2020-01-24T20:26:00+00:00\" \/>\n<meta property=\"article:modified_time\" content=\"2020-02-24T20:29:08+00:00\" \/>\n<meta property=\"og:image\" content=\"https:\/\/us.harlequinfloors.com\/wp-content\/uploads\/2020\/02\/Shawn-Mendes-Leeds-Arena-2019-158-\u00a9Sarah-Womack-1-scaled.jpg\" \/>\n\t<meta property=\"og:image:width\" content=\"2560\" \/>\n\t<meta property=\"og:image:height\" content=\"1263\" \/>\n\t<meta property=\"og:image:type\" content=\"image\/jpeg\" \/>\n<meta name=\"author\" content=\"idealab\" \/>\n<meta name=\"twitter:card\" content=\"summary_large_image\" \/>\n<meta name=\"twitter:label1\" content=\"\u00c9crit par\" \/>\n\t<meta name=\"twitter:data1\" content=\"idealab\" \/>\n\t<meta name=\"twitter:label2\" content=\"Dur\u00e9e de lecture estim\u00e9e\" \/>\n\t<meta name=\"twitter:data2\" content=\"1 minute\" \/>\n<script type=\"application\/ld+json\" class=\"yoast-schema-graph\">{\"@context\":\"https:\\\/\\\/schema.org\",\"@graph\":[{\"@type\":\"Article\",\"@id\":\"https:\\\/\\\/us.harlequinfloors.com\\\/fr\\\/shawn-mendes-revient-en-force-sur-un-plancher-harlequin-hi-shine\\\/#article\",\"isPartOf\":{\"@id\":\"https:\\\/\\\/us.harlequinfloors.com\\\/fr\\\/shawn-mendes-revient-en-force-sur-un-plancher-harlequin-hi-shine\\\/\"},\"author\":{\"name\":\"idealab\",\"@id\":\"https:\\\/\\\/us.harlequinfloors.com\\\/fr\\\/#\\\/schema\\\/person\\\/24335ed9ded490ca9b2a5c34d9c9ff9a\"},\"headline\":\"SHAWN MENDES REVIENT EN FORCE SUR UN PLANCHER HARLEQUIN HI-SHINE\",\"datePublished\":\"2020-01-24T20:26:00+00:00\",\"dateModified\":\"2020-02-24T20:29:08+00:00\",\"mainEntityOfPage\":{\"@id\":\"https:\\\/\\\/us.harlequinfloors.com\\\/fr\\\/shawn-mendes-revient-en-force-sur-un-plancher-harlequin-hi-shine\\\/\"},\"wordCount\":187,\"image\":{\"@id\":\"https:\\\/\\\/us.harlequinfloors.com\\\/fr\\\/shawn-mendes-revient-en-force-sur-un-plancher-harlequin-hi-shine\\\/#primaryimage\"},\"thumbnailUrl\":\"https:\\\/\\\/us.harlequinfloors.com\\\/wp-content\\\/uploads\\\/2020\\\/02\\\/Shawn-Mendes-Leeds-Arena-2019-158-\u00a9Sarah-Womack-1-scaled.jpg\",\"articleSection\":[\"Blog\"],\"inLanguage\":\"fr-FR\"},{\"@type\":\"WebPage\",\"@id\":\"https:\\\/\\\/us.harlequinfloors.com\\\/fr\\\/shawn-mendes-revient-en-force-sur-un-plancher-harlequin-hi-shine\\\/\",\"url\":\"https:\\\/\\\/us.harlequinfloors.com\\\/fr\\\/shawn-mendes-revient-en-force-sur-un-plancher-harlequin-hi-shine\\\/\",\"name\":\"SHAWN MENDES REVIENT EN FORCE SUR UN PLANCHER HARLEQUIN HI-SHINE | Harlequin Floors\",\"isPartOf\":{\"@id\":\"https:\\\/\\\/us.harlequinfloors.com\\\/fr\\\/#website\"},\"primaryImageOfPage\":{\"@id\":\"https:\\\/\\\/us.harlequinfloors.com\\\/fr\\\/shawn-mendes-revient-en-force-sur-un-plancher-harlequin-hi-shine\\\/#primaryimage\"},\"image\":{\"@id\":\"https:\\\/\\\/us.harlequinfloors.com\\\/fr\\\/shawn-mendes-revient-en-force-sur-un-plancher-harlequin-hi-shine\\\/#primaryimage\"},\"thumbnailUrl\":\"https:\\\/\\\/us.harlequinfloors.com\\\/wp-content\\\/uploads\\\/2020\\\/02\\\/Shawn-Mendes-Leeds-Arena-2019-158-\u00a9Sarah-Womack-1-scaled.jpg\",\"datePublished\":\"2020-01-24T20:26:00+00:00\",\"dateModified\":\"2020-02-24T20:29:08+00:00\",\"author\":{\"@id\":\"https:\\\/\\\/us.harlequinfloors.com\\\/fr\\\/#\\\/schema\\\/person\\\/24335ed9ded490ca9b2a5c34d9c9ff9a\"},\"breadcrumb\":{\"@id\":\"https:\\\/\\\/us.harlequinfloors.com\\\/fr\\\/shawn-mendes-revient-en-force-sur-un-plancher-harlequin-hi-shine\\\/#breadcrumb\"},\"inLanguage\":\"fr-FR\",\"potentialAction\":[{\"@type\":\"ReadAction\",\"target\":[\"https:\\\/\\\/us.harlequinfloors.com\\\/fr\\\/shawn-mendes-revient-en-force-sur-un-plancher-harlequin-hi-shine\\\/\"]}]},{\"@type\":\"ImageObject\",\"inLanguage\":\"fr-FR\",\"@id\":\"https:\\\/\\\/us.harlequinfloors.com\\\/fr\\\/shawn-mendes-revient-en-force-sur-un-plancher-harlequin-hi-shine\\\/#primaryimage\",\"url\":\"https:\\\/\\\/us.harlequinfloors.com\\\/wp-content\\\/uploads\\\/2020\\\/02\\\/Shawn-Mendes-Leeds-Arena-2019-158-\u00a9Sarah-Womack-1-scaled.jpg\",\"contentUrl\":\"https:\\\/\\\/us.harlequinfloors.com\\\/wp-content\\\/uploads\\\/2020\\\/02\\\/Shawn-Mendes-Leeds-Arena-2019-158-\u00a9Sarah-Womack-1-scaled.jpg\",\"width\":2560,\"height\":1263},{\"@type\":\"BreadcrumbList\",\"@id\":\"https:\\\/\\\/us.harlequinfloors.com\\\/fr\\\/shawn-mendes-revient-en-force-sur-un-plancher-harlequin-hi-shine\\\/#breadcrumb\",\"itemListElement\":[{\"@type\":\"ListItem\",\"position\":1,\"name\":\"Home\",\"item\":\"https:\\\/\\\/us.harlequinfloors.com\\\/fr\\\/\"},{\"@type\":\"ListItem\",\"position\":2,\"name\":\"SHAWN MENDES REVIENT EN FORCE SUR UN PLANCHER HARLEQUIN HI-SHINE\"}]},{\"@type\":\"WebSite\",\"@id\":\"https:\\\/\\\/us.harlequinfloors.com\\\/fr\\\/#website\",\"url\":\"https:\\\/\\\/us.harlequinfloors.com\\\/fr\\\/\",\"name\":\"Harlequin Floors\",\"description\":\"The World Dances sur les planchers et tapis de danse Harlequin Floors\",\"potentialAction\":[{\"@type\":\"SearchAction\",\"target\":{\"@type\":\"EntryPoint\",\"urlTemplate\":\"https:\\\/\\\/us.harlequinfloors.com\\\/fr\\\/?s={search_term_string}\"},\"query-input\":{\"@type\":\"PropertyValueSpecification\",\"valueRequired\":true,\"valueName\":\"search_term_string\"}}],\"inLanguage\":\"fr-FR\"},{\"@type\":\"Person\",\"@id\":\"https:\\\/\\\/us.harlequinfloors.com\\\/fr\\\/#\\\/schema\\\/person\\\/24335ed9ded490ca9b2a5c34d9c9ff9a\",\"name\":\"idealab\"}]}<\/script>\n<!-- \/ Yoast SEO Premium plugin. -->","yoast_head_json":{"title":"SHAWN MENDES REVIENT EN FORCE SUR UN PLANCHER HARLEQUIN HI-SHINE | Harlequin Floors","robots":{"index":"index","follow":"follow","max-snippet":"max-snippet:-1","max-image-preview":"max-image-preview:large","max-video-preview":"max-video-preview:-1"},"canonical":"https:\/\/us.harlequinfloors.com\/fr\/shawn-mendes-revient-en-force-sur-un-plancher-harlequin-hi-shine\/","og_locale":"fr_FR","og_type":"article","og_title":"SHAWN MENDES REVIENT EN FORCE SUR UN PLANCHER HARLEQUIN HI-SHINE","og_description":"Au d\u00e9but de cette ann\u00e9e, le chanteur et compositeur canadien Shawn Mendes a fait un retour tr\u00e8s attendu en Europe, pour neuf mois de tourn\u00e9e.En savoir plus","og_url":"https:\/\/us.harlequinfloors.com\/fr\/shawn-mendes-revient-en-force-sur-un-plancher-harlequin-hi-shine\/","og_site_name":"Harlequin Floors","article_publisher":"https:\/\/www.facebook.com\/americanharlequinfloors","article_published_time":"2020-01-24T20:26:00+00:00","article_modified_time":"2020-02-24T20:29:08+00:00","og_image":[{"width":2560,"height":1263,"url":"https:\/\/us.harlequinfloors.com\/wp-content\/uploads\/2020\/02\/Shawn-Mendes-Leeds-Arena-2019-158-\u00a9Sarah-Womack-1-scaled.jpg","type":"image\/jpeg"}],"author":"idealab","twitter_card":"summary_large_image","twitter_misc":{"\u00c9crit par":"idealab","Dur\u00e9e de lecture estim\u00e9e":"1 minute"},"schema":{"@context":"https:\/\/schema.org","@graph":[{"@type":"Article","@id":"https:\/\/us.harlequinfloors.com\/fr\/shawn-mendes-revient-en-force-sur-un-plancher-harlequin-hi-shine\/#article","isPartOf":{"@id":"https:\/\/us.harlequinfloors.com\/fr\/shawn-mendes-revient-en-force-sur-un-plancher-harlequin-hi-shine\/"},"author":{"name":"idealab","@id":"https:\/\/us.harlequinfloors.com\/fr\/#\/schema\/person\/24335ed9ded490ca9b2a5c34d9c9ff9a"},"headline":"SHAWN MENDES REVIENT EN FORCE SUR UN PLANCHER HARLEQUIN HI-SHINE","datePublished":"2020-01-24T20:26:00+00:00","dateModified":"2020-02-24T20:29:08+00:00","mainEntityOfPage":{"@id":"https:\/\/us.harlequinfloors.com\/fr\/shawn-mendes-revient-en-force-sur-un-plancher-harlequin-hi-shine\/"},"wordCount":187,"image":{"@id":"https:\/\/us.harlequinfloors.com\/fr\/shawn-mendes-revient-en-force-sur-un-plancher-harlequin-hi-shine\/#primaryimage"},"thumbnailUrl":"https:\/\/us.harlequinfloors.com\/wp-content\/uploads\/2020\/02\/Shawn-Mendes-Leeds-Arena-2019-158-\u00a9Sarah-Womack-1-scaled.jpg","articleSection":["Blog"],"inLanguage":"fr-FR"},{"@type":"WebPage","@id":"https:\/\/us.harlequinfloors.com\/fr\/shawn-mendes-revient-en-force-sur-un-plancher-harlequin-hi-shine\/","url":"https:\/\/us.harlequinfloors.com\/fr\/shawn-mendes-revient-en-force-sur-un-plancher-harlequin-hi-shine\/","name":"SHAWN MENDES REVIENT EN FORCE SUR UN PLANCHER HARLEQUIN HI-SHINE | Harlequin Floors","isPartOf":{"@id":"https:\/\/us.harlequinfloors.com\/fr\/#website"},"primaryImageOfPage":{"@id":"https:\/\/us.harlequinfloors.com\/fr\/shawn-mendes-revient-en-force-sur-un-plancher-harlequin-hi-shine\/#primaryimage"},"image":{"@id":"https:\/\/us.harlequinfloors.com\/fr\/shawn-mendes-revient-en-force-sur-un-plancher-harlequin-hi-shine\/#primaryimage"},"thumbnailUrl":"https:\/\/us.harlequinfloors.com\/wp-content\/uploads\/2020\/02\/Shawn-Mendes-Leeds-Arena-2019-158-\u00a9Sarah-Womack-1-scaled.jpg","datePublished":"2020-01-24T20:26:00+00:00","dateModified":"2020-02-24T20:29:08+00:00","author":{"@id":"https:\/\/us.harlequinfloors.com\/fr\/#\/schema\/person\/24335ed9ded490ca9b2a5c34d9c9ff9a"},"breadcrumb":{"@id":"https:\/\/us.harlequinfloors.com\/fr\/shawn-mendes-revient-en-force-sur-un-plancher-harlequin-hi-shine\/#breadcrumb"},"inLanguage":"fr-FR","potentialAction":[{"@type":"ReadAction","target":["https:\/\/us.harlequinfloors.com\/fr\/shawn-mendes-revient-en-force-sur-un-plancher-harlequin-hi-shine\/"]}]},{"@type":"ImageObject","inLanguage":"fr-FR","@id":"https:\/\/us.harlequinfloors.com\/fr\/shawn-mendes-revient-en-force-sur-un-plancher-harlequin-hi-shine\/#primaryimage","url":"https:\/\/us.harlequinfloors.com\/wp-content\/uploads\/2020\/02\/Shawn-Mendes-Leeds-Arena-2019-158-\u00a9Sarah-Womack-1-scaled.jpg","contentUrl":"https:\/\/us.harlequinfloors.com\/wp-content\/uploads\/2020\/02\/Shawn-Mendes-Leeds-Arena-2019-158-\u00a9Sarah-Womack-1-scaled.jpg","width":2560,"height":1263},{"@type":"BreadcrumbList","@id":"https:\/\/us.harlequinfloors.com\/fr\/shawn-mendes-revient-en-force-sur-un-plancher-harlequin-hi-shine\/#breadcrumb","itemListElement":[{"@type":"ListItem","position":1,"name":"Home","item":"https:\/\/us.harlequinfloors.com\/fr\/"},{"@type":"ListItem","position":2,"name":"SHAWN MENDES REVIENT EN FORCE SUR UN PLANCHER HARLEQUIN HI-SHINE"}]},{"@type":"WebSite","@id":"https:\/\/us.harlequinfloors.com\/fr\/#website","url":"https:\/\/us.harlequinfloors.com\/fr\/","name":"Harlequin Floors","description":"The World Dances sur les planchers et tapis de danse Harlequin Floors","potentialAction":[{"@type":"SearchAction","target":{"@type":"EntryPoint","urlTemplate":"https:\/\/us.harlequinfloors.com\/fr\/?s={search_term_string}"},"query-input":{"@type":"PropertyValueSpecification","valueRequired":true,"valueName":"search_term_string"}}],"inLanguage":"fr-FR"},{"@type":"Person","@id":"https:\/\/us.harlequinfloors.com\/fr\/#\/schema\/person\/24335ed9ded490ca9b2a5c34d9c9ff9a","name":"idealab"}]}},"publishpress_future_action":{"enabled":false,"date":"2026-05-04 05:28:51","action":"change-status","newStatus":"draft","terms":[],"taxonomy":"category","extraData":[]},"publishpress_future_workflow_manual_trigger":{"enabledWorkflows":[]},"_links":{"self":[{"href":"https:\/\/us.harlequinfloors.com\/fr\/wp-json\/wp\/v2\/posts\/14696","targetHints":{"allow":["GET"]}}],"collection":[{"href":"https:\/\/us.harlequinfloors.com\/fr\/wp-json\/wp\/v2\/posts"}],"about":[{"href":"https:\/\/us.harlequinfloors.com\/fr\/wp-json\/wp\/v2\/types\/post"}],"author":[{"embeddable":true,"href":"https:\/\/us.harlequinfloors.com\/fr\/wp-json\/wp\/v2\/users\/1"}],"replies":[{"embeddable":true,"href":"https:\/\/us.harlequinfloors.com\/fr\/wp-json\/wp\/v2\/comments?post=14696"}],"version-history":[{"count":0,"href":"https:\/\/us.harlequinfloors.com\/fr\/wp-json\/wp\/v2\/posts\/14696\/revisions"}],"wp:featuredmedia":[{"embeddable":true,"href":"https:\/\/us.harlequinfloors.com\/fr\/wp-json\/wp\/v2\/media\/13961"}],"wp:attachment":[{"href":"https:\/\/us.harlequinfloors.com\/fr\/wp-json\/wp\/v2\/media?parent=14696"}],"wp:term":[{"taxonomy":"category","embeddable":true,"href":"https:\/\/us.harlequinfloors.com\/fr\/wp-json\/wp\/v2\/categories?post=14696"},{"taxonomy":"post_tag","embeddable":true,"href":"https:\/\/us.harlequinfloors.com\/fr\/wp-json\/wp\/v2\/tags?post=14696"}],"curies":[{"name":"wp","href":"https:\/\/api.w.org\/{rel}","templated":true}]}}